{"id":17054,"date":"2025-03-27T23:47:10","date_gmt":"2025-03-27T21:47:10","guid":{"rendered":"https:\/\/www.preisgroup.com\/cwieme-berlin-2025-well-be-there\/"},"modified":"2025-03-31T16:55:54","modified_gmt":"2025-03-31T14:55:54","slug":"cwieme-berlin-2025-well-be-there","status":"publish","type":"post","link":"https:\/\/www.preisgroup.com\/de\/cwieme-berlin-2025-well-be-there\/","title":{"rendered":"CWIEME Berlin 2025 \u2013 We\u2019ll Be There!"},"content":{"rendered":"\t\t<div data-elementor-type=\"wp-post\" data-elementor-id=\"17054\" class=\"elementor elementor-17054 elementor-16962\" data-elementor-post-type=\"post\">\n\t\t\t\t<div class=\"elementor-element elementor-element-f4851c4 e-flex e-con-boxed e-con e-parent\" data-id=\"f4851c4\" data-element_type=\"container\" data-e-type=\"container\">\n\t\t\t\t\t<div class=\"e-con-inner\">\n\t\t\t\t<div class=\"elementor-element elementor-element-02ee6b9 elementor-widget elementor-widget-text-editor\" data-id=\"02ee6b9\" data-element_type=\"widget\" data-e-type=\"widget\" data-widget_type=\"text-editor.default\">\n\t\t\t\t<div class=\"elementor-widget-container\">\n\t\t\t\t\t\t\t\t\t<p>Es ist wieder soweit! Die internationale Elektrotechnikbranche trifft sich auch heuer wieder zur CWIEME in Berlin \u2013 und wir sind selbstverst\u00e4ndlich erneut am Start! Nach den spannenden Begegnungen und inspirierenden Gespr\u00e4chen der letzten Jahre freuen wir uns schon jetzt darauf, wieder Teil dieses einzigartigen Branchenevents zu sein.<\/p>\n<p>Die <strong>CWIEME <\/strong>(Coil Winding, Insulation and Electrical Manufacturing Exhibition) ist der zentrale Branchentreffpunkt f\u00fcr Hersteller, Entwickler und Experten aus der Elektrotechnik und Energieversorgung. Jedes Jahr versammelt sich die internationale Community in Berlin, um neueste Technologien, Produkte und Innovationen zu pr\u00e4sentieren und sich \u00fcber Trends und Entwicklungen in der Branche auszutauschen.<\/p>\n<p>Vom <strong>3. \u2013 5. Juni 2025<\/strong> verwandelt sich das Messegel\u00e4nde Berlin wieder in eine Plattform f\u00fcr Networking, Innovation und Inspiration. Besucher d\u00fcrfen sich auf spannende Fachvortr\u00e4ge, Live-Demonstrationen und \u00fcber 600 Aussteller aus aller Welt freuen.<\/p>\n<p>Treffen Sie unser Messeteam auf unserem Stand in<strong> Stand 12F14 in Halle 1.2<\/strong><\/p>\n\t\t\t\t\t\t\t\t<\/div>\n\t\t\t\t<\/div>\n\t\t\t\t<div class=\"elementor-element elementor-element-6e7b760 elementor-widget elementor-widget-image\" data-id=\"6e7b760\" data-element_type=\"widget\" data-e-type=\"widget\" data-widget_type=\"image.default\">\n\t\t\t\t<div class=\"elementor-widget-container\">\n\t\t\t\t\t\t\t\t\t\t\t\t\t\t\t<img fetchpriority=\"high\" decoding=\"async\" width=\"800\" height=\"400\" src=\"https:\/\/www.preisgroup.com\/wp-content\/uploads\/2025\/03\/CWIEME_Gruppenfoto-1024x512.jpg\" class=\"attachment-large size-large wp-image-16959\" alt=\"\" srcset=\"https:\/\/www.preisgroup.com\/wp-content\/uploads\/2025\/03\/CWIEME_Gruppenfoto-1024x512.jpg 1024w, https:\/\/www.preisgroup.com\/wp-content\/uploads\/2025\/03\/CWIEME_Gruppenfoto-300x150.jpg 300w, https:\/\/www.preisgroup.com\/wp-content\/uploads\/2025\/03\/CWIEME_Gruppenfoto-768x384.jpg 768w, https:\/\/www.preisgroup.com\/wp-content\/uploads\/2025\/03\/CWIEME_Gruppenfoto-1536x768.jpg 1536w, https:\/\/www.preisgroup.com\/wp-content\/uploads\/2025\/03\/CWIEME_Gruppenfoto.jpg 1600w\" sizes=\"(max-width: 800px) 100vw, 800px\" \/>\t\t\t\t\t\t\t\t\t\t\t\t\t\t\t<\/div>\n\t\t\t\t<\/div>\n\t\t\t\t\t<\/div>\n\t\t\t\t<\/div>\n\t\t\t\t<\/div>\n\t\t","protected":false},"excerpt":{"rendered":"<p>Die internationale Elektrotechnikbranche trifft sich auch heuer wieder zur CWIEME in Berlin \u2013 und wir sind selbstverst\u00e4ndlich erneut am Start!<\/p>\n","protected":false},"author":1,"featured_media":17076,"comment_status":"closed","ping_status":"open","sticky":false,"template":"","format":"standard","meta":{"footnotes":""},"categories":[12],"tags":[],"class_list":["post-17054","post","type-post","status-publish","format-standard","has-post-thumbnail","hentry","category-unkategorisiert"],"_links":{"self":[{"href":"https:\/\/www.preisgroup.com\/de\/wp-json\/wp\/v2\/posts\/17054","targetHints":{"allow":["GET"]}}],"collection":[{"href":"https:\/\/www.preisgroup.com\/de\/wp-json\/wp\/v2\/posts"}],"about":[{"href":"https:\/\/www.preisgroup.com\/de\/wp-json\/wp\/v2\/types\/post"}],"author":[{"embeddable":true,"href":"https:\/\/www.preisgroup.com\/de\/wp-json\/wp\/v2\/users\/1"}],"replies":[{"embeddable":true,"href":"https:\/\/www.preisgroup.com\/de\/wp-json\/wp\/v2\/comments?post=17054"}],"version-history":[{"count":1,"href":"https:\/\/www.preisgroup.com\/de\/wp-json\/wp\/v2\/posts\/17054\/revisions"}],"predecessor-version":[{"id":17055,"href":"https:\/\/www.preisgroup.com\/de\/wp-json\/wp\/v2\/posts\/17054\/revisions\/17055"}],"wp:featuredmedia":[{"embeddable":true,"href":"https:\/\/www.preisgroup.com\/de\/wp-json\/wp\/v2\/media\/17076"}],"wp:attachment":[{"href":"https:\/\/www.preisgroup.com\/de\/wp-json\/wp\/v2\/media?parent=17054"}],"wp:term":[{"taxonomy":"category","embeddable":true,"href":"https:\/\/www.preisgroup.com\/de\/wp-json\/wp\/v2\/categories?post=17054"},{"taxonomy":"post_tag","embeddable":true,"href":"https:\/\/www.preisgroup.com\/de\/wp-json\/wp\/v2\/tags?post=17054"}],"curies":[{"name":"wp","href":"https:\/\/api.w.org\/{rel}","templated":true}]}}