{"id":16089,"date":"2025-01-10T19:00:01","date_gmt":"2025-01-10T17:00:01","guid":{"rendered":"https:\/\/www.preisgroup.com\/?p=16089"},"modified":"2025-01-10T20:01:22","modified_gmt":"2025-01-10T18:01:22","slug":"uebernahme-der-gipro-durch-preis-group-unterstreicht-die-strategische-ausrichtung-durch-nachhaltiges-wachstum","status":"publish","type":"post","link":"https:\/\/www.preisgroup.com\/de\/uebernahme-der-gipro-durch-preis-group-unterstreicht-die-strategische-ausrichtung-durch-nachhaltiges-wachstum\/","title":{"rendered":"\u00dcbernahme der GIPRO durch PREIS Group unterstreicht die strategische Ausrichtung durch nachhaltiges Wachstum!"},"content":{"rendered":"\t\t<div data-elementor-type=\"wp-post\" data-elementor-id=\"16089\" class=\"elementor elementor-16089 elementor-16047\" data-elementor-post-type=\"post\">\n\t\t\t\t<div class=\"elementor-element elementor-element-868d5b4 e-flex e-con-boxed e-con e-parent\" data-id=\"868d5b4\" data-element_type=\"container\" data-e-type=\"container\">\n\t\t\t\t\t<div class=\"e-con-inner\">\n\t\t\t\t<div class=\"elementor-element elementor-element-4216da8 elementor-widget elementor-widget-text-editor\" data-id=\"4216da8\" data-element_type=\"widget\" data-e-type=\"widget\" data-widget_type=\"text-editor.default\">\n\t\t\t\t<div class=\"elementor-widget-container\">\n\t\t\t\t\t\t\t\t\t<p>Die PREIS Group hat zum 1. Januar 2025 den steirischen Hersteller von Gie\u00dfharzisolatoren, Fa. GIPRO, \u00fcbernommen und sichert dadurch langfristig den Produktionsstandort Peggau mit rund 100 Arbeitspl\u00e4tzen.<\/p>\n<p>Mit dieser \u00dcbernahme st\u00e4rkt die PREIS Group ihre Marktposition und erweitert ihr Produkt-Portfolio im Bereich hochwertiger Komponenten f\u00fcr die Energieverteilung.<\/p>\n\t\t\t\t\t\t\t\t<\/div>\n\t\t\t\t<\/div>\n\t\t\t\t<div class=\"elementor-element elementor-element-c0c675d elementor-widget elementor-widget-image\" data-id=\"c0c675d\" data-element_type=\"widget\" data-e-type=\"widget\" data-widget_type=\"image.default\">\n\t\t\t\t<div class=\"elementor-widget-container\">\n\t\t\t\t\t\t\t\t\t\t\t\t<figure class=\"wp-caption\">\n\t\t\t\t\t\t\t\t\t\t<img fetchpriority=\"high\" decoding=\"async\" width=\"800\" height=\"534\" src=\"https:\/\/www.preisgroup.com\/wp-content\/uploads\/2025\/01\/2-Gipro-preisgroup-acquisition-1024x683.jpg\" class=\"attachment-large size-large wp-image-16040\" alt=\"\" srcset=\"https:\/\/www.preisgroup.com\/wp-content\/uploads\/2025\/01\/2-Gipro-preisgroup-acquisition-1024x683.jpg 1024w, https:\/\/www.preisgroup.com\/wp-content\/uploads\/2025\/01\/2-Gipro-preisgroup-acquisition-300x200.jpg 300w, https:\/\/www.preisgroup.com\/wp-content\/uploads\/2025\/01\/2-Gipro-preisgroup-acquisition-768x512.jpg 768w, https:\/\/www.preisgroup.com\/wp-content\/uploads\/2025\/01\/2-Gipro-preisgroup-acquisition.jpg 1200w\" sizes=\"(max-width: 800px) 100vw, 800px\" \/>\t\t\t\t\t\t\t\t\t\t\t<figcaption class=\"widget-image-caption wp-caption-text\">Martin Allitsch \u00fcbergibt den GIPRO Epoxy-Schl\u00fcssel an Peter J\u00e4gersberger, CEO der Preis-Gruppe.-<\/figcaption>\n\t\t\t\t\t\t\t\t\t\t<\/figure>\n\t\t\t\t\t\t\t\t\t<\/div>\n\t\t\t\t<\/div>\n\t\t\t\t<div class=\"elementor-element elementor-element-1144faa elementor-widget elementor-widget-text-editor\" data-id=\"1144faa\" data-element_type=\"widget\" data-e-type=\"widget\" data-widget_type=\"text-editor.default\">\n\t\t\t\t<div class=\"elementor-widget-container\">\n\t\t\t\t\t\t\t\t\t<p><em>\u201eGIPRO erg\u00e4nzt unser Portfolio hervorragend. Gemeinsam k\u00f6nnen wir die steigende Nachfrage nach hochwertigen Komponenten f\u00fcr die Energieverteilung bedienen\u201c, erkl\u00e4rt Peter J\u00e4gersberger, CEO der PREIS Group. \u201eDie hohen Erwartungen unserer Partner treiben uns zu st\u00e4ndiger Weiterentwicklung und Investitionen in moderne Technologien.\u201c<\/em><\/p>\n<p><em>\u00a0<\/em>Diese \u00dcbernahme ist ein bedeutender Schritt, um unsere strategische Ausrichtung durch nachhaltiges Wachstum weiter auszubauen.<\/p>\n<ul>\n<li><strong>St\u00e4rkung der Unternehmensstabilit\u00e4t<br \/>\n<\/strong>durch die Erweiterung wird das Unternehmen widerstandsf\u00e4higer gegen\u00fcber Marktver\u00e4nderungen und Krisen.<\/li>\n<\/ul>\n<ul>\n<li><strong>Erweiterte Innovationskraft<br \/>\n<\/strong>Zugang zu neuen Technologien, Prozessen und M\u00e4rkten, welche in allen Branchen Vorteile bieten.<\/li>\n<\/ul>\n<ul>\n<li><strong>Langfristige Zusammenarbeit und Sicherheit<br \/>\n<\/strong>F\u00f6rderung der nachhaltigen Unternehmensstrategie, die auf langfristiges Wachstum ausgerichtet ist.<\/li>\n<\/ul>\n<ul>\n<li><strong>Erh\u00f6hte Marktkompetenz<br \/>\n<\/strong>zus\u00e4tzliches Marktverst\u00e4ndnis und Expertisen bei Gesch\u00e4ftsentwicklungen.<\/li>\n<\/ul>\n<p>Aufgrund der ausgezeichneten Auftragslage plant das neue F\u00fchrungsteam von GIPRO weitere Neueinstellungen und Investitionen, was positive Impulse f\u00fcr die Region Steiermark setzt.<\/p>\n<p><strong>Kontakte\u00a0<\/strong><strong>f\u00fcr inhaltliche R\u00fcckfragen<\/strong><\/p>\n<p><strong>PREIS GmbH<\/strong><br \/>\n<strong>Beatrice J\u00e4gersberger<\/strong><br \/>\nVertrieb und Marketing, Prokurist<br \/>\n+43 2623 7335587<br \/>\n+43 676 88335587<br \/>\n<a href=\"mailto:beatrice.jaegersberger@preisgroup.com\">beatrice.jaegersberger@preisgroup.com<br \/>\n<\/a><a href=\"http:\/\/www.preisgroup.com\/\">www.preisgroup.com<\/a><\/p>\n<p><strong>GIPRO GmbH<\/strong><br \/>\n<strong>Julian Englich<\/strong><br \/>\nSales, Marketing<br \/>\n+43 3127 20940-110<br \/>\n+43 664 1428806<br \/>\n<a href=\"mailto:julian.englich@gipro.com\">julian.englich@gipro.com<\/a><\/p>\n\t\t\t\t\t\t\t\t<\/div>\n\t\t\t\t<\/div>\n\t\t\t\t\t<\/div>\n\t\t\t\t<\/div>\n\t\t\t\t<\/div>\n\t\t","protected":false},"excerpt":{"rendered":"<p>St\u00e4rkung der Marktposition im Bereich Energieverteilung!<\/p>\n","protected":false},"author":1,"featured_media":16044,"comment_status":"closed","ping_status":"open","sticky":false,"template":"","format":"standard","meta":{"footnotes":""},"categories":[12],"tags":[],"class_list":["post-16089","post","type-post","status-publish","format-standard","has-post-thumbnail","hentry","category-unkategorisiert"],"_links":{"self":[{"href":"https:\/\/www.preisgroup.com\/de\/wp-json\/wp\/v2\/posts\/16089","targetHints":{"allow":["GET"]}}],"collection":[{"href":"https:\/\/www.preisgroup.com\/de\/wp-json\/wp\/v2\/posts"}],"about":[{"href":"https:\/\/www.preisgroup.com\/de\/wp-json\/wp\/v2\/types\/post"}],"author":[{"embeddable":true,"href":"https:\/\/www.preisgroup.com\/de\/wp-json\/wp\/v2\/users\/1"}],"replies":[{"embeddable":true,"href":"https:\/\/www.preisgroup.com\/de\/wp-json\/wp\/v2\/comments?post=16089"}],"version-history":[{"count":1,"href":"https:\/\/www.preisgroup.com\/de\/wp-json\/wp\/v2\/posts\/16089\/revisions"}],"predecessor-version":[{"id":16090,"href":"https:\/\/www.preisgroup.com\/de\/wp-json\/wp\/v2\/posts\/16089\/revisions\/16090"}],"wp:featuredmedia":[{"embeddable":true,"href":"https:\/\/www.preisgroup.com\/de\/wp-json\/wp\/v2\/media\/16044"}],"wp:attachment":[{"href":"https:\/\/www.preisgroup.com\/de\/wp-json\/wp\/v2\/media?parent=16089"}],"wp:term":[{"taxonomy":"category","embeddable":true,"href":"https:\/\/www.preisgroup.com\/de\/wp-json\/wp\/v2\/categories?post=16089"},{"taxonomy":"post_tag","embeddable":true,"href":"https:\/\/www.preisgroup.com\/de\/wp-json\/wp\/v2\/tags?post=16089"}],"curies":[{"name":"wp","href":"https:\/\/api.w.org\/{rel}","templated":true}]}}